{"id":116,"date":"2025-12-16T15:34:35","date_gmt":"2025-12-16T15:34:35","guid":{"rendered":"https:\/\/modulinis-namas.lt\/?p=116"},"modified":"2025-12-16T18:51:20","modified_gmt":"2025-12-16T18:51:20","slug":"sraigtiniai-poliai-modernus-ir-patikimi","status":"publish","type":"post","link":"https:\/\/modulinis-namas.lt\/pl\/pale-srubowe-nowoczesne-i-niezawodne\/","title":{"rendered":"Pale \u015brubowe \u2013 nowoczesne i niezawodne rozwi\u0105zanie fundamentowe"},"content":{"rendered":"<h2 style=\"text-align: center;\"><strong>Czy pale \u015brubowe s\u0105 najlepszym wyborem w przypadku dom\u00f3w modu\u0142owych?<\/strong><\/h2>\n<p>&nbsp;<\/p>\n<p class=\"p1\">W nowoczesnym budownictwie coraz wi\u0119ksz\u0105 uwag\u0119 przywi\u0105zuje si\u0119 do szybkich, niezawodnych i ekologicznych rozwi\u0105za\u0144. Jednym z takich rozwi\u0105za\u0144, kt\u00f3re szybko zyskuje na popularno\u015bci zar\u00f3wno na Litwie, jak i w ca\u0142ej Europie, jest <a href=\"https:\/\/modulinis-namas.lt\/pl\/\"><span class=\"s1\">Pale \u015brubowe<\/span><\/a>To innowacyjny system fundamentowy, kt\u00f3ry szczeg\u00f3lnie nadaje si\u0119 do dom\u00f3w mobilnych i modu\u0142owych, taras\u00f3w, przybud\u00f3wek i konstrukcji tymczasowych.<\/p>\n<h3><b>Czym s\u0105 pale \u015brubowe?<\/b><\/h3>\n<p class=\"p1\">S\u0105 to stalowe pale ze specjalnym kszta\u0142tem \u015bruby u podstawy, kt\u00f3re wkr\u0119ca si\u0119 bezpo\u015brednio w grunt bez konieczno\u015bci kopania i betonowania. Dzi\u0119ki tej technologii <span class=\"s1\">Pale \u015brubowe<\/span> Pozwala na bardzo szybki, czysty i bezinwazyjny monta\u017c fundament\u00f3w. Najcz\u0119\u015bciej monta\u017c fundamentu jednego obiektu zajmuje zaledwie kilka godzin.<\/p>\n<div id=\"attachment_123\" style=\"width: 693px\" class=\"wp-caption alignnone\"><img loading=\"lazy\" decoding=\"async\" aria-describedby=\"caption-attachment-123\" class=\"wp-image-123\" src=\"https:\/\/modulinis-namas.lt\/wp-content\/uploads\/2025\/12\/Sraigtiniai-poliai-ir-terasu-irengimas.png\" alt=\"Pale \u015brubowe i budowa taras\u00f3w\" width=\"683\" height=\"273\" srcset=\"https:\/\/modulinis-namas.lt\/wp-content\/uploads\/2025\/12\/Sraigtiniai-poliai-ir-terasu-irengimas.png 1000w, https:\/\/modulinis-namas.lt\/wp-content\/uploads\/2025\/12\/Sraigtiniai-poliai-ir-terasu-irengimas-300x120.png 300w, https:\/\/modulinis-namas.lt\/wp-content\/uploads\/2025\/12\/Sraigtiniai-poliai-ir-terasu-irengimas-768x307.png 768w, https:\/\/modulinis-namas.lt\/wp-content\/uploads\/2025\/12\/Sraigtiniai-poliai-ir-terasu-irengimas-705x282.png 705w\" sizes=\"auto, (max-width: 683px) 100vw, 683px\" \/><p id=\"caption-attachment-123\" class=\"wp-caption-text\"><a href=\"https:\/\/dtone.lt\" target=\"_blank\" rel=\"noopener\">DTONE.LT<\/a> \u2013 Monta\u017c tarasu<\/p><\/div>\n<h3><b>Dlaczego warto wybra\u0107 to rozwi\u0105zanie?<\/b><\/h3>\n<p class=\"p1\">Przede wszystkim szybko\u015b\u0107. W przeciwie\u0144stwie do tradycyjnych fundament\u00f3w betonowych, nie trzeba czeka\u0107 na stwardnienie betonu. Ponadto, <span class=\"s1\">Pale \u015brubowe<\/span> Mo\u017cna je montowa\u0107 niemal o ka\u017cdej porze roku, nawet zim\u0105. Pozwala to na niezale\u017cno\u015b\u0107 od warunk\u00f3w atmosferycznych i elastyczniejsze planowanie prac.<\/p>\n<p class=\"p1\">Po drugie, ma minimalny wp\u0142yw na \u015brodowisko. Poniewa\u017c nie ma potrzeby wykopywania gruntu ani u\u017cywania ci\u0119\u017ckiego sprz\u0119tu, \u015brodowisko pozostaje nienaruszone. Jest to szczeg\u00f3lnie wa\u017cne w przypadku budowy na terenach le\u015bnych, w pobli\u017cu zbiornik\u00f3w wodnych lub na obszarach chronionych.<\/p>\n<h3><b>Przydatno\u015b\u0107 do r\u00f3\u017cnych konstrukcji<\/b><\/h3>\n<p class=\"p1\">Ten rodzaj fundamentu doskonale sprawdza si\u0119 nie tylko w przypadku dom\u00f3w modu\u0142owych i mobilnych, ale tak\u017ce taras\u00f3w, altan, pomieszcze\u0144 gospodarczych, schod\u00f3w, a nawet tymczasowych konstrukcji komercyjnych. <span class=\"s1\">Pale \u015brubowe<\/span> mo\u017cna dostosowa\u0107 do ci\u0119\u017caru, rozmiaru i rodzaju gruntu konstrukcji, co sprawia, \u017ce jest to rozwi\u0105zanie uniwersalne.<\/p>\n<p class=\"p1\">Nale\u017cy zauwa\u017cy\u0107, \u017ce pale mo\u017cna \u0142atwo zdemontowa\u0107. Oznacza to, \u017ce w razie potrzeby lub zmiany lokalizacji, konstrukcj\u0119 mo\u017cna przenie\u015b\u0107 w inne miejsce bez pozostawiania trwa\u0142ego \u015bladu na placu budowy.<\/p>\n<h3><b>Trwa\u0142o\u015b\u0107 i niezawodno\u015b\u0107<\/b><\/h3>\n<p class=\"p1\">Do stali ocynkowanej lub dodatkowo powlekanej, <span class=\"s1\">Pale \u015brubowe<\/span> S\u0105 odporne na korozj\u0119 i wilgo\u0107. Odpowiednio dobrane i zamontowane, mog\u0105 przetrwa\u0107 dziesi\u0105tki lat, zachowuj\u0105c stabilno\u015b\u0107 nawet w trudniejszych warunkach glebowych.<\/p>\n<p class=\"p1\">Ponadto technologia ta zapewnia dobre roz\u0142o\u017cenie obci\u0105\u017ce\u0144, dzi\u0119ki czemu konstrukcja pozostaje stabilna i bezpieczna przez d\u0142ugi czas.<\/p>\n<h3><b>Ekonomiczny wyb\u00f3r<\/b><\/h3>\n<p class=\"p1\">W por\u00f3wnaniu z tradycyjnymi fundamentami cz\u0119sto obserwuje si\u0119, \u017ce <span class=\"s1\">Pale \u015brubowe<\/span> Pozwala obni\u017cy\u0107 ca\u0142kowity koszt projektu. Oszcz\u0119dno\u015bci dotycz\u0105 nie tylko materia\u0142\u00f3w, ale tak\u017ce czasu pracy, sprz\u0119tu i logistyki. Jest to szczeg\u00f3lnie istotne w przypadku klient\u00f3w indywidualnych lub mniejszych projekt\u00f3w.<\/p>\n<p class=\"p1\">Je\u017celi szukasz szybkiego, niezawodnego i nowoczesnego rozwi\u0105zania fundamentowego, kt\u00f3re sprawdzi si\u0119 zar\u00f3wno w budynkach mobilnych, jak i modu\u0142owych, <span class=\"s1\">Pale \u015brubowe<\/span> to jeden z najlepszych wybor\u00f3w. \u0141\u0105cz\u0105 w sobie szybko\u015b\u0107, trwa\u0142o\u015b\u0107, ekologi\u0119 i elastyczno\u015b\u0107, dlatego coraz cz\u0119\u015bciej staj\u0105 si\u0119 podstawowym rozwi\u0105zaniem w nowoczesnym budownictwie.<\/p>","protected":false},"excerpt":{"rendered":"<p>Pale \u015brubowe do dom\u00f3w modu\u0142owych to najlepszy wyb\u00f3r? W nowoczesnym budownictwie coraz wi\u0119ksz\u0105 uwag\u0119 przywi\u0105zuje si\u0119 do szybkich, niezawodnych i ekologicznych rozwi\u0105za\u0144. Jednym z takich rozwi\u0105za\u0144, kt\u00f3re szybko zyskuje na popularno\u015bci zar\u00f3wno na Litwie, jak i w ca\u0142ej Europie, s\u0105 pale \u015brubowe. To innowacyjny system fundamentowy, kt\u00f3ry sprawdza si\u0119 szczeg\u00f3lnie w przypadku dom\u00f3w mobilnych i modu\u0142owych, taras\u00f3w, dobud\u00f3wek czy konstrukcji tymczasowych. Czym s\u0105 pale \u015brubowe? To stalowe [\u2026]<\/p>","protected":false},"author":1,"featured_media":117,"comment_status":"closed","ping_status":"closed","sticky":false,"template":"","format":"standard","meta":{"footnotes":""},"categories":[5],"tags":[],"class_list":["post-116","post","type-post","status-publish","format-standard","has-post-thumbnail","hentry","category-apie-pamatus"],"_links":{"self":[{"href":"https:\/\/modulinis-namas.lt\/pl\/wp-json\/wp\/v2\/posts\/116","targetHints":{"allow":["GET"]}}],"collection":[{"href":"https:\/\/modulinis-namas.lt\/pl\/wp-json\/wp\/v2\/posts"}],"about":[{"href":"https:\/\/modulinis-namas.lt\/pl\/wp-json\/wp\/v2\/types\/post"}],"author":[{"embeddable":true,"href":"https:\/\/modulinis-namas.lt\/pl\/wp-json\/wp\/v2\/users\/1"}],"replies":[{"embeddable":true,"href":"https:\/\/modulinis-namas.lt\/pl\/wp-json\/wp\/v2\/comments?post=116"}],"version-history":[{"count":3,"href":"https:\/\/modulinis-namas.lt\/pl\/wp-json\/wp\/v2\/posts\/116\/revisions"}],"predecessor-version":[{"id":128,"href":"https:\/\/modulinis-namas.lt\/pl\/wp-json\/wp\/v2\/posts\/116\/revisions\/128"}],"wp:featuredmedia":[{"embeddable":true,"href":"https:\/\/modulinis-namas.lt\/pl\/wp-json\/wp\/v2\/media\/117"}],"wp:attachment":[{"href":"https:\/\/modulinis-namas.lt\/pl\/wp-json\/wp\/v2\/media?parent=116"}],"wp:term":[{"taxonomy":"category","embeddable":true,"href":"https:\/\/modulinis-namas.lt\/pl\/wp-json\/wp\/v2\/categories?post=116"},{"taxonomy":"post_tag","embeddable":true,"href":"https:\/\/modulinis-namas.lt\/pl\/wp-json\/wp\/v2\/tags?post=116"}],"curies":[{"name":"wp","href":"https:\/\/api.w.org\/{rel}","templated":true}]}}